{"id":4794,"date":"2024-02-23T20:44:32","date_gmt":"2024-02-23T19:44:32","guid":{"rendered":"http:\/\/assedep.fr\/?p=4794"},"modified":"2024-03-23T10:49:25","modified_gmt":"2024-03-23T09:49:25","slug":"bonjour-a-toutes-et-tous","status":"publish","type":"post","link":"https:\/\/assedep.fr\/?p=4794","title":{"rendered":"Bonjour \u00e0 toutes et tous,"},"content":{"rendered":"\n<p>Les membres du conseil d&rsquo;administration de l&rsquo;Assedep et moi m\u00eame, vous souhaitons tous nos v\u0153ux de r\u00e9ussite pour 2024, que l&rsquo;ann\u00e9e soit riche en projets professionnels et personnels.<\/p>\n\n\n\n<p>Je vous invite \u00e0 adh\u00e9rer ou \u00e0 renouveler votre adh\u00e9sion \u00e0 l&rsquo;Assedep pour l&rsquo;ann\u00e9e 2024.<\/p>\n\n\n\n<p>Votre adh\u00e9sion vous permettra de vous inscrire pour l&rsquo;assembl\u00e9e g\u00e9n\u00e9rale annuelle 2024 et de pouvoir rencontrer d&rsquo;autres secr\u00e9taires des d\u00e9partements des IUT pour des \u00e9changes fructueux en toute convivialit\u00e9.<\/p>\n\n\n\n<p>Chantal Estebenet, qui \u00e9tait tr\u00e9sori\u00e8re de l&rsquo;Assedep, part pour une retraite bien m\u00e9rit\u00e9e, Nezha Zeryouh prend la rel\u00e8ve.<\/p>\n\n\n\n<p>A partir de cette ann\u00e9e, le coupon-r\u00e9ponse de cotisation et le bon de commande seront \u00e0 envoyer uniquement par mail, non plus par courrier postal \u00e0 Nezha :<\/p>\n\n\n\n<p><a href=\"mailto:nezha.zeryouh@univ-st-etienne.fr\" target=\"_blank\" rel=\"noreferrer noopener\">nezha.zeryouh@univ-st-etienne.fr<\/a>.<\/p>\n\n\n\n<p>La cotisation pour 2024 est fix\u00e9e \u00e0 40 euros. Elle contribue au bon fonctionnement de l&rsquo;association et \u00e0 l&rsquo;organisation de l&rsquo;assembl\u00e9e g\u00e9n\u00e9rale des secr\u00e9taires des d\u00e9partements des IUT de France.<\/p>\n\n\n\n<p>Je pr\u00e9cise que l&rsquo;adh\u00e9sion minime de 40 euros reste individuelle&nbsp; (1 secr\u00e9taire = 1 cotisation) et non pas par d\u00e9partement ou par IUT. Elle est \u00e9galement nominative et ne peut pas \u00eatre c\u00e9d\u00e9e \u00e0 un-une coll\u00e8gue.<\/p>\n\n\n\n<p>La cotisation peut prendre la forme d&rsquo;un soutien \u00e0 l&rsquo;Association, des d\u00e9partements ou des IUT, sans participation \u00e0 l&rsquo;AG.<\/p>\n\n\n\n<p>En outre, dans l&rsquo;\u00e9tat actuel de la mise en place du BUT, la participation \u00e0 la prochaine assembl\u00e9e g\u00e9n\u00e9rale pour 2024 restera ouverte dans les conditions habituelles aux secr\u00e9taires de d\u00e9partement.<\/p>\n\n\n\n<p>Au plaisir de se rencontrer \u00e0 la prochaine AG, je vous souhaite une bonne journ\u00e9e.<\/p>\n\n\n\n<p>Cordialement<\/p>\n\n\n\n<p>La Pr\u00e9sidente de l\u2019Assedep<\/p>\n","protected":false},"excerpt":{"rendered":"<p>Les membres du conseil d&rsquo;administration de l&rsquo;Assedep et moi m\u00eame, vous souhaitons tous nos v\u0153ux de r\u00e9ussite pour 2024, que l&rsquo;ann\u00e9e soit riche en projets professionnels et personnels. Je vous invite \u00e0 adh\u00e9rer ou \u00e0 renouveler votre adh\u00e9sion \u00e0 l&rsquo;Assedep pour l&rsquo;ann\u00e9e 2024. Votre adh\u00e9sion vous permettra de vous inscrire pour l&rsquo;assembl\u00e9e g\u00e9n\u00e9rale annuelle 2024 [&hellip;]<\/p>\n","protected":false},"author":81,"featured_media":0,"comment_status":"open","ping_status":"open","sticky":false,"template":"","format":"standard","meta":{"footnotes":""},"categories":[19],"tags":[],"class_list":["post-4794","post","type-post","status-publish","format-standard","hentry","category-informations"],"_links":{"self":[{"href":"https:\/\/assedep.fr\/index.php?rest_route=\/wp\/v2\/posts\/4794","targetHints":{"allow":["GET"]}}],"collection":[{"href":"https:\/\/assedep.fr\/index.php?rest_route=\/wp\/v2\/posts"}],"about":[{"href":"https:\/\/assedep.fr\/index.php?rest_route=\/wp\/v2\/types\/post"}],"author":[{"embeddable":true,"href":"https:\/\/assedep.fr\/index.php?rest_route=\/wp\/v2\/users\/81"}],"replies":[{"embeddable":true,"href":"https:\/\/assedep.fr\/index.php?rest_route=%2Fwp%2Fv2%2Fcomments&post=4794"}],"version-history":[{"count":1,"href":"https:\/\/assedep.fr\/index.php?rest_route=\/wp\/v2\/posts\/4794\/revisions"}],"predecessor-version":[{"id":4795,"href":"https:\/\/assedep.fr\/index.php?rest_route=\/wp\/v2\/posts\/4794\/revisions\/4795"}],"wp:attachment":[{"href":"https:\/\/assedep.fr\/index.php?rest_route=%2Fwp%2Fv2%2Fmedia&parent=4794"}],"wp:term":[{"taxonomy":"category","embeddable":true,"href":"https:\/\/assedep.fr\/index.php?rest_route=%2Fwp%2Fv2%2Fcategories&post=4794"},{"taxonomy":"post_tag","embeddable":true,"href":"https:\/\/assedep.fr\/index.php?rest_route=%2Fwp%2Fv2%2Ftags&post=4794"}],"curies":[{"name":"wp","href":"https:\/\/api.w.org\/{rel}","templated":true}]}}